[{"@context":"https:\/\/schema.org\/","@type":"Article","@id":"https:\/\/www.evate.cz\/chcete-si-poridit-opravdu-dynamicke-auto\/#Article","mainEntityOfPage":"https:\/\/www.evate.cz\/chcete-si-poridit-opravdu-dynamicke-auto\/","headline":"Chcete si po\u0159\u00eddit opravdu dynamick\u00e9 auto?","name":"Chcete si po\u0159\u00eddit opravdu dynamick\u00e9 auto?","description":"Chcete auto, kter\u00e9 m\u00e1 styl, skv\u011bl\u00fd v\u00fdkon, v\u00fdbornou spot\u0159ebu a drav\u00fd, dynamick\u00fd vzhled? Nov\u00e9 Volkswagen Scirocco je to, co hled\u00e1te. Je to dravec, kter\u00fd v\u00e1s","datePublished":"2024-12-30","dateModified":"2024-12-30","author":{"@type":"Person","@id":"https:\/\/www.evate.cz\/author\/#Person","name":"","url":"https:\/\/www.evate.cz\/author\/","identifier":1,"image":{"@type":"ImageObject","@id":"https:\/\/secure.gravatar.com\/avatar\/aa13f0f1a5b61a2deba1492ce3bb4afe8e77d91eeb44c23db0ee08765a93abad?s=96&d=mm&r=g","url":"https:\/\/secure.gravatar.com\/avatar\/aa13f0f1a5b61a2deba1492ce3bb4afe8e77d91eeb44c23db0ee08765a93abad?s=96&d=mm&r=g","height":96,"width":96}},"publisher":{"@type":"Organization","name":"evate.cz","logo":{"@type":"ImageObject","@id":"\/logo.png","url":"\/logo.png","width":600,"height":60}},"url":"https:\/\/www.evate.cz\/chcete-si-poridit-opravdu-dynamicke-auto\/","wordCount":137,"articleBody":"Chcete auto, kter\u00e9 m\u00e1 styl, skv\u011bl\u00fd v\u00fdkon, v\u00fdbornou spot\u0159ebu a drav\u00fd, dynamick\u00fd vzhled? Nov\u00e9 Volkswagen Scirocco je to, co hled\u00e1te. Je to dravec, kter\u00fd v\u00e1s uhrane. Jedine\u010dn\u00fd Scirocco je jasn\u00e1 volba. Toto skv\u011bl\u00e9 sportovn\u00ed kup\u00e9 se sedmn\u00e1cti, osmn\u00e1cti a devaten\u00e1cti palcov\u00fdmi koly ohrom\u00ed ka\u017ed\u00e9ho, kdo jej zahl\u00e9dne. Sv\u011btla vybaven LED diodami podtrhuj\u00ed temperament vozu. Aut\u00ed\u010dko m\u016f\u017eete individu\u00e1ln\u011b obout, v nab\u00eddce jsou kola Spa, Long Beach, Shanghai, Lisboa \u010di Salvador a ka\u017ed\u00e1 z nich podtrhne v\u00e1\u0161 osobit\u00fd styl. Barvi\u010dku si tak\u00e9 vyberte podle sebe, na v\u00fdb\u011br m\u00e1te b\u00edlou, \u010dernou, \u010dervenou nebo modrou, zelenou, fialovou nebo zlatou metal\u00edzu. Je to jen na v\u00e1s. Volkswagenyplat\u00ed za automobilov\u00e9 \u0161pi\u010dky, rozhodn\u011b neprohloup\u00edte.                                                                                                                                                                                                                                                                                                                                                                                                "},{"@context":"https:\/\/schema.org\/","@type":"BreadcrumbList","itemListElement":[{"@type":"ListItem","position":1,"name":"Chcete si po\u0159\u00eddit opravdu dynamick\u00e9 auto?","item":"https:\/\/www.evate.cz\/chcete-si-poridit-opravdu-dynamicke-auto\/#breadcrumbitem"}]}]