[{"@context":"https:\/\/schema.org\/","@type":"Article","@id":"https:\/\/www.evate.cz\/prakticke-bedny\/#Article","mainEntityOfPage":"https:\/\/www.evate.cz\/prakticke-bedny\/","headline":"Praktick\u00e9 bedny","name":"Praktick\u00e9 bedny","description":"V\u011b\u0159\u00edm, \u017ee pokud m\u00e1te doma v\u00edce prostoru, tak taky m\u00e1te asi nejv\u00edce v\u011bc\u00ed. A proto, aby bylo doma v\u0161echno perfektn\u011b uklizen\u00e9 a v\u0161echno na sv\u00e9m","datePublished":"2022-09-06","dateModified":"2023-07-21","author":{"@type":"Person","@id":"https:\/\/www.evate.cz\/author\/#Person","name":"","url":"https:\/\/www.evate.cz\/author\/","identifier":1,"image":{"@type":"ImageObject","@id":"https:\/\/secure.gravatar.com\/avatar\/aa13f0f1a5b61a2deba1492ce3bb4afe8e77d91eeb44c23db0ee08765a93abad?s=96&d=mm&r=g","url":"https:\/\/secure.gravatar.com\/avatar\/aa13f0f1a5b61a2deba1492ce3bb4afe8e77d91eeb44c23db0ee08765a93abad?s=96&d=mm&r=g","height":96,"width":96}},"publisher":{"@type":"Organization","name":"evate.cz","logo":{"@type":"ImageObject","@id":"\/logo.png","url":"\/logo.png","width":600,"height":60}},"image":{"@type":"ImageObject","@id":"https:\/\/www.evate.cz\/wp-content\/uploads\/chest-4222848_960_720.jpg","url":"https:\/\/www.evate.cz\/wp-content\/uploads\/chest-4222848_960_720.jpg","height":0,"width":0},"url":"https:\/\/www.evate.cz\/prakticke-bedny\/","about":["Nakupov\u00e1n\u00ed"],"wordCount":441,"articleBody":"             V\u011b\u0159\u00edm, \u017ee pokud m\u00e1te doma v\u00edce prostoru, tak taky m\u00e1te asi nejv\u00edce v\u011bc\u00ed. A proto, aby bylo doma v\u0161echno perfektn\u011b uklizen\u00e9 a v\u0161echno na sv\u00e9m m\u00edst\u011b, tak taky budete cht\u00edt v\u011bci n\u011bkde po\u0159\u00e1dn\u011b skladovat. A taky hlavn\u011b z\u00e1le\u017e\u00ed na tom, co a kde a jak budete skladovat. Mysl\u00edm si, \u017ee by se v\u00e1m t\u0159eba na oble\u010den\u00ed anebo r\u016fzn\u00e9 dopl\u0148ky, kter\u00e9 chcete uchovat, hodily t\u0159eba plastov\u00e9 bedny. M\u011b se na plastov\u00fdch bedn\u00e1ch l\u00edb\u00ed hlavn\u011b to, \u017ee jsou z recyklovan\u00e9ho plastu, tak\u017ee to \u0161et\u0159\u00ed \u017eivotn\u00ed prost\u0159ed\u00ed. A j\u00e1 se o \u017eivotn\u00ed prost\u0159ed\u00ed a p\u0159\u00edrodu kolem opravdu hodn\u011b zaj\u00edm\u00e1m. A z\u00e1rove\u0148 ale taky chci, aby m\u016fj d\u016fm byl uspo\u0159\u00e1dan\u00fd. Opravdu nepat\u0159\u00edm k t\u011bm lidem, kte\u0159\u00ed maj\u00ed doma bordel anebo se jim v\u0161ude v\u0161echno v\u00e1l\u00ed, \u017ee o to pak zakop\u00e1v\u00e1m. To v\u016fbec nen\u00ed m\u016fj styl. A mysl\u00edm si, \u017ee kdybych takhle neskl\u00e1dala p\u011bkn\u011b v\u011bci do plastov\u00fdch beden a dal\u0161\u00edch \u00falo\u017en\u00fdch prostor, tak by se to nel\u00edbilo ani m\u00e9mu p\u0159\u00edteli.  M\u016fj p\u0159\u00edtel a toti\u017e velk\u00fd punti\u010dk\u00e1\u0159, tak si mysl\u00edm, \u017ee i on plastov\u00e9 bedny doma uv\u00edt\u00e1. Nav\u00edc si taky mi do\u0161lo, \u017ee to byl on, kdo cht\u011bl m\u00edt doma plastov\u00e9 bedny, kam se budou uchov\u00e1vat v\u011bci. Tak\u017ee jsem v tom vlastn\u011b nevin\u011b. Taky m\u00e1me taky r\u016fzn\u00e9 ko\u0161\u00edky, kam d\u00e1v\u00e1me t\u0159eba \u0161pinav\u00e9 pr\u00e1dlo. Do t\u011bchto ko\u0161\u016f d\u00e1v\u00e1me jak pr\u00e1dlo, tak taky sez\u00f3nn\u00ed oble\u010den\u00ed.   Ale pokud pot\u0159ebuji t\u0159eba uchovat n\u011bjak\u00e9 v\u00e1no\u010dn\u00ed kuchy\u0148sk\u00e9 servisy anebo t\u0159eba nap\u0159\u00edklad i v\u00e1no\u010dn\u00ed d\u00e1rky, tak se mi samoz\u0159ejm\u011b hod\u00ed plastov\u00e9 bedny, kter\u00e9 maj\u00ed nap\u0159\u00edklad v\u00edko. V\u00edte, proto\u017ee mal\u00e9 d\u011bti r\u00e1dy hledaj\u00ed v\u00e1no\u010dn\u00ed d\u00e1rky, tak\u017ee jsem r\u00e1da, \u017ee plastov\u00e9 bedny s v\u00edkem existuj\u00ed. A co byste \u0159ekli na to, \u017ee si plastov\u00e9 bedny taky m\u016f\u017eete koupit v r\u016fzn\u00fdch velikostech nebo i barv\u011b? Je prima, \u017ee jsou i pr\u016fhledn\u00e9, tak\u017ee kdy\u017e do nich n\u011bco d\u00e1m, nemus\u00edm pak v \u0161atn\u011b nic hledat a otev\u00edrat v\u0161echny v\u00edka od plastov\u00fdch beden, abych na\u0161la to, co zrovna hled\u00e1m. Tak\u017ee jsem s plastov\u00fdmi bednami s v\u00edkem velmi spokojen\u00e1.                                                                                                                                                                                                                                                                                                                                                                                                  "},{"@context":"https:\/\/schema.org\/","@type":"BreadcrumbList","itemListElement":[{"@type":"ListItem","position":1,"name":"Praktick\u00e9 bedny","item":"https:\/\/www.evate.cz\/prakticke-bedny\/#breadcrumbitem"}]}]