[{"@context":"https:\/\/schema.org\/","@type":"Article","@id":"https:\/\/www.evate.cz\/prakticky-mobil\/#Article","mainEntityOfPage":"https:\/\/www.evate.cz\/prakticky-mobil\/","headline":"Praktick\u00fd mobil","name":"Praktick\u00fd mobil","description":"Mysl\u00edm si, \u017ee je opravdu mnoho lid\u00ed, kter\u00fd maj\u00ed mobiln\u00ed telefon. A absolutn\u011b si nedok\u00e1\u017eou p\u0159edstavit, \u017ee by mezi n\u00e1mi byl n\u011bjak\u00fd ob\u010dan, kter\u00fd by","datePublished":"2022-07-08","dateModified":"2023-06-07","author":{"@type":"Person","@id":"https:\/\/www.evate.cz\/author\/#Person","name":"","url":"https:\/\/www.evate.cz\/author\/","identifier":1,"image":{"@type":"ImageObject","@id":"https:\/\/secure.gravatar.com\/avatar\/aa13f0f1a5b61a2deba1492ce3bb4afe8e77d91eeb44c23db0ee08765a93abad?s=96&d=mm&r=g","url":"https:\/\/secure.gravatar.com\/avatar\/aa13f0f1a5b61a2deba1492ce3bb4afe8e77d91eeb44c23db0ee08765a93abad?s=96&d=mm&r=g","height":96,"width":96}},"publisher":{"@type":"Organization","name":"evate.cz","logo":{"@type":"ImageObject","@id":"\/logo.png","url":"\/logo.png","width":600,"height":60}},"image":{"@type":"ImageObject","@id":"https:\/\/www.evate.cz\/wp-content\/uploads\/office-g865b9272a_640_2.jpg","url":"https:\/\/www.evate.cz\/wp-content\/uploads\/office-g865b9272a_640_2.jpg","height":0,"width":0},"url":"https:\/\/www.evate.cz\/prakticky-mobil\/","about":["Mobil"],"wordCount":408,"articleBody":"Mysl\u00edm si, \u017ee je opravdu mnoho lid\u00ed, kter\u00fd maj\u00ed mobiln\u00ed telefon. A absolutn\u011b si nedok\u00e1\u017eou p\u0159edstavit, \u017ee by mezi n\u00e1mi byl n\u011bjak\u00fd ob\u010dan, kter\u00fd by nem\u011bl mobil. Nebo vy n\u011bjak\u00e9ho \u010dlov\u011bka zn\u00e1te, kter\u00fd nem\u00e1 mobiln\u00ed telefon? Pokud ano, r\u00e1da bych ho poznala, proto\u017ee by m\u011b to p\u0159i\u0161lo velice divn\u00e9. Samoz\u0159ejm\u011b, \u017ee t\u0159eba nap\u0159\u00edklad moje babi\u010dka a m\u016fj d\u011bde\u010dek mobiln\u00ed telefon v\u016fbec nemaj\u00ed. Kdy\u017e jsem se jich zeptala, pro\u010d nemaj\u00ed mobiln\u00ed telefon, tak mi \u0159ekli, \u017ee ani mobiln\u00ed telefon v\u016fbec nepot\u0159ebuj\u00ed. \u017de kdy\u017e pot\u0159ebuj\u00ed s n\u011bk\u00fdm mluvit, \u017ee mu zavolaj\u00ed z pevn\u00e9 linky. To je sice pravda, ale kdy\u017e to tak vezmu, pevn\u00e1 linka nen\u00ed tak praktick\u00e1, je pot\u0159eba ji m\u00edt u sebe. A nap\u0159\u00edklad mobiln\u00ed telefon je praktick\u00fd, proto\u017ee mobiln\u00ed telefon m\u016f\u017eete n\u011bkam p\u0159en\u00e1\u0161et,\u00a0kde\u017eto\u00a0pevnou linku zase ne. L\u00edb\u00ed se mi zase v\u00fdhoda pevn\u00e9 linky, kter\u00e1 je, \u017ee se v\u00e1m nikdy vlastn\u011b nevybije.Mysl\u00edm si, \u017ee kdyby jenom vypadl proud, tak v\u00e1m pevn\u00e1 linka nep\u016fjde, kde\u017eto mobil v\u00e1m p\u016fjde, i kdy\u017e v\u00e1m vypnout elektrick\u00fd proud. Jenom\u017ee kdy\u017e se v\u00e1m potom v t\u00e9 dob\u011b vybije mobiln\u00ed telefon, tak si ho zase nikde nenabijete. Tak\u017ee si mysl\u00edm, \u017ee v\u0161echno m\u00e1 sv\u00e9 plusy a m\u00ednusy. I kdy\u017e osobn\u011b j\u00e1 bych d\u00e1vala p\u0159ednost a v\u011bt\u0161\u00ed plus pr\u00e1v\u011b mobiln\u00edmu telefonu, \u017ee je v\u00edce prakti\u010dt\u011bj\u0161\u00ed a kompatibiln\u00ed skoro se v\u0161emi v\u011bcmi.Dne\u0161n\u00ed chytr\u00fd mobiln\u00ed telefon si porad\u00ed\u00a0s\u00a0t\u00edm, \u017ee nap\u0159\u00edklad m\u016f\u017eete p\u0159es mobiln\u00ed telefon na d\u00e1lku pustit televizi anebo chytr\u00fd vysava\u010d, kter\u00fd vys\u00e1v\u00e1 s\u00e1m. Jak jsem si ho pr\u00e1v\u011b taky objednala a dneska mi m\u00e1 p\u0159ij\u00edt po\u0161tou ten chytr\u00fd vysava\u010d, tak jsem zv\u011bdav\u00e1, jak ho budu ovl\u00e1dat p\u0159es m\u016fj chytr\u00fd mobiln\u00ed telefon. A u\u017e se t\u011b\u0161\u00edm. J\u00e1 toti\u017e pat\u0159\u00edm k t\u011bm lidem, kte\u0159\u00ed m\u00edvaj\u00ed r\u00e1di novinky a vymo\u017eenosti, tak\u017ee jsem r\u00e1da, \u017ee m\u016f\u017eu taky n\u011bco zase dal\u0161\u00edho ovl\u00e1dat mobiln\u00edm telefonem. A vy taky m\u00e1te n\u011bco\u00a0doma, co\u00a0ovl\u00e1d\u00e1te\u00a0na d\u00e1lku\u00a0sv\u00fdm\u00a0mobiln\u00edm\u00a0telefonem?                                                                                                                                                                                                                                                                                                                                                                                                "},{"@context":"https:\/\/schema.org\/","@type":"BreadcrumbList","itemListElement":[{"@type":"ListItem","position":1,"name":"Praktick\u00fd mobil","item":"https:\/\/www.evate.cz\/prakticky-mobil\/#breadcrumbitem"}]}]