[{"@context":"https:\/\/schema.org\/","@type":"Article","@id":"https:\/\/www.evate.cz\/uzijte-si-cely-zivot\/#Article","mainEntityOfPage":"https:\/\/www.evate.cz\/uzijte-si-cely-zivot\/","headline":"U\u017eijte si cel\u00fd \u017eivot","name":"U\u017eijte si cel\u00fd \u017eivot","description":"Jestli\u017ee jste ve v\u011bku, kdy m\u00e1te v\u0161echny ty povinnosti za sebou, je dobr\u00e9 si u\u017e jen u\u017e\u00edvat. Po cel\u00e9m \u017eivot\u011b pr\u00e1ce a povinnost\u00ed je dobr\u00e9","datePublished":"2025-08-24","dateModified":"2025-08-24","author":{"@type":"Person","@id":"https:\/\/www.evate.cz\/author\/#Person","name":"","url":"https:\/\/www.evate.cz\/author\/","identifier":1,"image":{"@type":"ImageObject","@id":"https:\/\/secure.gravatar.com\/avatar\/aa13f0f1a5b61a2deba1492ce3bb4afe8e77d91eeb44c23db0ee08765a93abad?s=96&d=mm&r=g","url":"https:\/\/secure.gravatar.com\/avatar\/aa13f0f1a5b61a2deba1492ce3bb4afe8e77d91eeb44c23db0ee08765a93abad?s=96&d=mm&r=g","height":96,"width":96}},"publisher":{"@type":"Organization","name":"evate.cz","logo":{"@type":"ImageObject","@id":"\/logo.png","url":"\/logo.png","width":600,"height":60}},"url":"https:\/\/www.evate.cz\/uzijte-si-cely-zivot\/","wordCount":248,"articleBody":"Jestli\u017ee jste ve v\u011bku, kdy m\u00e1te v\u0161echny ty povinnosti za sebou, je dobr\u00e9 si u\u017e jen u\u017e\u00edvat. Po cel\u00e9m \u017eivot\u011b pr\u00e1ce a povinnost\u00ed je dobr\u00e9 prost\u011b si u\u017e\u00edvat toho, \u017ee m\u00e1te plno \u010dasu. Ten si m\u016f\u017eete u\u017e\u00edt nap\u0159\u00edklad na skv\u011bl\u00fdch pobytech, kter\u00e9 jsou uzp\u016fsoben\u00e9 p\u0159esn\u011b senior\u016fm. Je to proto skv\u011bl\u00e1 p\u0159\u00edle\u017eitost pro v\u0161echny aktivn\u00ed d\u016fchodce, kte\u0159\u00ed si cht\u011bj\u00ed skute\u010dn\u011b u\u017e\u00edvat sv\u00e9ho voln\u00e9ho \u010dasu a i v pokro\u010dil\u00e9m v\u011bku poznat zase n\u011bjak\u00fd ten kus sv\u011bta. M\u016f\u017eete to zkusit velmi snadno, pobyty pro seniory jsou tu pro v\u00e1s, a tak nen\u00ed d\u016fvod, abyste se omezovali na okol\u00ed va\u0161eho bydli\u0161t\u011b. Po cel\u00e9 \u010cR i do zahrani\u010d\u00ed To, \u017ee m\u00e1te mnoho voln\u00e9ho \u010dasu, se d\u00e1 skute\u010dn\u011b dob\u0159e vyu\u017e\u00edt. M\u016f\u017eete naj\u00edt nap\u0159\u00edklad zaj\u00edmav\u00e9 z\u00e1jezdy nap\u0159\u00edklad k mo\u0159i, kter\u00e9 budete m\u00edt dokonce z \u010d\u00e1sti dotovan\u00e9, a tak se nebudete muset p\u0159ipravovat o sv\u00e9 \u00faspory, kter\u00e9 jsou u\u017e i tak docela n\u00edzk\u00e9. Nev\u00e1hejte ani chv\u00edli, poznat sv\u011bt m\u016f\u017eete v jak\u00e9mkoliv v\u011bku, a tak si za\u010dn\u011bte u\u017e\u00edvat naplno a vyu\u017eijte n\u011bjak\u00e9ho z\u00e1jezdu, kter\u00fd v\u00e1m dod\u00e1 zase mnoho energie na va\u0161e dal\u0161\u00ed aktivity. Je to levn\u00e9 a dostupn\u00e9 v\u0161em.                                                                                                                                                                                                                                                                                                                                                                                                "},{"@context":"https:\/\/schema.org\/","@type":"BreadcrumbList","itemListElement":[{"@type":"ListItem","position":1,"name":"U\u017eijte si cel\u00fd \u017eivot","item":"https:\/\/www.evate.cz\/uzijte-si-cely-zivot\/#breadcrumbitem"}]}]