[{"@context":"https:\/\/schema.org\/","@type":"Article","@id":"https:\/\/www.evate.cz\/vypocet-veku-kdy-pujdete-do-penze\/#Article","mainEntityOfPage":"https:\/\/www.evate.cz\/vypocet-veku-kdy-pujdete-do-penze\/","headline":"V\u00fdpo\u010det v\u011bku, kdy p\u016fjdete do penze","name":"V\u00fdpo\u010det v\u011bku, kdy p\u016fjdete do penze","description":"Milujete p\u011b\u0161\u00ed turistiku? Milujete dlouh\u00e9 proch\u00e1zky p\u0159\u00edrodou a je v\u00e1m v\u00a0celku i jedno, jestli jdete s\u00e1m, s\u00a0rodinou nebo s\u00a0p\u0159\u00e1teli? Zkr\u00e1tka chozen\u00ed je v\u00e1\u0161 \u017eivot, je","datePublished":"2024-11-25","dateModified":"2024-11-25","author":{"@type":"Person","@id":"https:\/\/www.evate.cz\/author\/#Person","name":"","url":"https:\/\/www.evate.cz\/author\/","identifier":1,"image":{"@type":"ImageObject","@id":"https:\/\/secure.gravatar.com\/avatar\/aa13f0f1a5b61a2deba1492ce3bb4afe8e77d91eeb44c23db0ee08765a93abad?s=96&d=mm&r=g","url":"https:\/\/secure.gravatar.com\/avatar\/aa13f0f1a5b61a2deba1492ce3bb4afe8e77d91eeb44c23db0ee08765a93abad?s=96&d=mm&r=g","height":96,"width":96}},"publisher":{"@type":"Organization","name":"evate.cz","logo":{"@type":"ImageObject","@id":"\/logo.png","url":"\/logo.png","width":600,"height":60}},"url":"https:\/\/www.evate.cz\/vypocet-veku-kdy-pujdete-do-penze\/","wordCount":184,"articleBody":"Milujete p\u011b\u0161\u00ed turistiku? Milujete dlouh\u00e9 proch\u00e1zky p\u0159\u00edrodou a je v\u00e1m v\u00a0celku i jedno, jestli jdete s\u00e1m, s\u00a0rodinou nebo s\u00a0p\u0159\u00e1teli? Zkr\u00e1tka chozen\u00ed je v\u00e1\u0161 \u017eivot, je to v\u00e1\u0161 kon\u00ed\u010dek a je v\u00e1m l\u00edto, \u017ee na p\u011b\u0161\u00ed turistiku nem\u00e1te v\u00edce \u010dasu? D\u0159\u00edve jste jist\u011b chodili v\u00edce, ov\u0161em s\u00a0p\u0159ib\u00fdvaj\u00edc\u00edmi lety, pochopiteln\u011b ub\u00fdvaj\u00ed s\u00edly.M\u016f\u017eete u\u017e j\u00edt do penzeS\u00edly, kter\u00e9 ve sv\u00e9m v\u011bku m\u00e1te, v\u00e1m pomalu ub\u00fdvaj\u00ed a v\u00e1m je l\u00edto, \u017ee u\u017e v\u00e1m nezb\u00fdv\u00e1 energie na to, co opravdu m\u00e1te r\u00e1di. Ve\u0161kerou svou energii v\u011bnujete sv\u00e9mu zam\u011bstn\u00e1n\u00ed a ve voln\u00e9m \u010dase, kter\u00fd v\u00e1m zb\u00fdv\u00e1, pak u\u017e jen odpo\u010d\u00edv\u00e1te. A nen\u00ed to \u0161koda? Nep\u0159em\u00fd\u0161leli jste t\u0159eba o p\u0159ed\u010dasn\u00e9m odchodu do d\u016fchodu? K\u00a0odchodu do d\u016fchodu kalkula\u010dka v\u00e1m pom\u016f\u017ee vypo\u010d\u00edtat, kdy pro v\u00e1s bude penze v\u00fdhodn\u00e1.                                                                                                                                                                                                                                                                                                                                                                                                "},{"@context":"https:\/\/schema.org\/","@type":"BreadcrumbList","itemListElement":[{"@type":"ListItem","position":1,"name":"V\u00fdpo\u010det v\u011bku, kdy p\u016fjdete do penze","item":"https:\/\/www.evate.cz\/vypocet-veku-kdy-pujdete-do-penze\/#breadcrumbitem"}]}]